{"dados":[{"titulo":"CHAMAMENTO P\u00daBLICO N\u00ba 006\/2026 - PROGRAMA PREPARA GASTRONOMIA V\u00c1RZEA DA PALMA.","dataAtualizacao":"2026-08-26 13:50:18","dataPostagem":"2026-09-25 23:59:00","dataRealizacao":"2026-08-26 14:00:00","numeroEdital":6,"numeroProcesso":6,"modalidade":"Chamamento P\u00fablico","situacao":"Aberto","descricao":"CHAMAMENTO P&Uacute;BLICO N&ordm; 006\/2026 - PROGRAMA PREPARA GASTRONOMIA V&Aacute;RZEA DA PALMA.","valorEstimado":"","valorHomologado":""},{"titulo":"EDITAL N\u00ba 005\/2026 - CONCESS\u00c3O DE COTAS PARA PATROC\u00cdNIO DO 34\u00ba FORR\u00d3 DA PALMA","dataAtualizacao":"2026-08-27 07:18:32","dataPostagem":"2026-07-17 23:59:00","dataRealizacao":"2026-07-09 15:00:00","numeroEdital":5,"numeroProcesso":5,"modalidade":"Chamamento P\u00fablico","situacao":"Conclu\u00eddo","descricao":"EDITAL DE CHAMAMENTO P&Uacute;BLICO N&ordm; 005\/2026\/PMVP&nbsp; - CONCESS&Atilde;O DE COTAS DE PATROC&Iacute;NIO PARA A&nbsp;34&ordf; EDI&Ccedil;&Atilde;O DO FORR&Oacute; DA PALMA&nbsp;&quot;NOSSA HIST&Oacute;RIA FAZ A FESTA&quot;.","valorEstimado":"","valorHomologado":""},{"titulo":"EDITAL N\u00ba 006\/2026 - SELE\u00c7\u00c3O DOS INTERESSADOS NO USO DE ESPA\u00c7O P\u00daBLICO DURANTE O 34\u00ba FORR\u00d3 DA PALMA.","dataAtualizacao":"2026-08-26 13:47:26","dataPostagem":"2026-07-17 13:00:00","dataRealizacao":"2026-07-13 13:00:00","numeroEdital":6,"numeroProcesso":6,"modalidade":"Chamamento P\u00fablico","situacao":"Conclu\u00eddo","descricao":"EDITAL N&ordm; 006\/2026 - SELE&Ccedil;&Atilde;O DOS INTERESSADOS NO USO DE ESPA&Ccedil;O P&Uacute;BLICO DURANTE O 34&ordm; FORR&Oacute; DA PALMA.","valorEstimado":"","valorHomologado":""},{"titulo":"EDITAL N\u00ba 003\/2026 - FESTIVAL GASTRON\u00d4MICO BARES COM ALMA, SABORES DA PALMA.","dataAtualizacao":"2026-03-04 16:04:04","dataPostagem":"2026-03-20 13:00:00","dataRealizacao":"2026-02-18 17:00:00","numeroEdital":3,"numeroProcesso":3,"modalidade":"Chamamento P\u00fablico","situacao":"Aberto","descricao":"","valorEstimado":"","valorHomologado":""},{"titulo":"EDITAL DE CHAMAMENTO P\u00daBLICO N\u00ba 002\/2026 - PALMA FOLIA 2026.","dataAtualizacao":"2026-01-28 09:59:22","dataPostagem":"2026-02-06 13:00:00","dataRealizacao":"2026-01-23 13:00:00","numeroEdital":2,"numeroProcesso":2,"modalidade":"Chamamento P\u00fablico","situacao":"Revogado","descricao":"EDITAL DE CHAMAMENTO P&Uacute;BLICO N&ordm; 002\/2026 - PALMA FOLIA 2026 (REVOGADO PELO DECRETO MUNICIPAL N&ordm; 023, DE 27 DE JANEIRO DE 2026).","valorEstimado":"","valorHomologado":""},{"titulo":"EDITAL DE CHAMAMENTO P\u00daBLICO N\u00ba 04\/2025 - INOVARZEA 1\u00aa EDI\u00c7\u00c3O","dataAtualizacao":"2026-08-27 07:26:07","dataPostagem":"2025-07-18 23:59:00","dataRealizacao":"2025-06-12 17:00:00","numeroEdital":4,"numeroProcesso":4,"modalidade":"Chamamento P\u00fablico","situacao":"Conclu\u00eddo","descricao":"1&ordf; EDI&Ccedil;&Atilde;O DO INOVARZEA DENTRO DO 33&ordf; FORR&Oacute; DA PALMA.","valorEstimado":"","valorHomologado":""},{"titulo":"EDITAL DE SELE\u00c7\u00c3O N\u00ba 006\/2025","dataAtualizacao":"2026-08-27 07:29:08","dataPostagem":"2025-07-14 08:00:00","dataRealizacao":"2025-07-08 16:00:00","numeroEdital":6,"numeroProcesso":6,"modalidade":"Chamamento P\u00fablico","situacao":"Conclu\u00eddo","descricao":"EDITAL DE SELE&Ccedil;&Atilde;O N&ordm; 06\/2025 DOS(AS) INTERESSADOS(AS) NO USO DE ESPA&Ccedil;O F&Iacute;SICO P&Uacute;BLICO, CORRESPONDENTE A 3.045 M&sup2; DA &Aacute;REA DA PRA&Ccedil;A DE EVENTOS, LOCALIZADA NO CENTRO DE V&Aacute;RZEA DA PALMA, CONSTITU&Iacute;DA DE &Aacute;REA PAVIMENTADA AO AR LIVRE, CONFRONTADO COM A RUA AN&Aacute;LIA AGUIAR, AO NORTE, PARA MONTAGEM DE ESTRUTURA E EXPLORA&Ccedil;&Atilde;O DE PARQUE DE DIVERS&Atilde;O A SER INTEGRADO AO EVENTO 33&ordm; FORR&Oacute; DA PALMA, QUE SER&Aacute; REALIZADO NOS DIAS 24\/07\/2025 A 27\/07\/2025, SENDO AUTORIZADO O FUNCIONAMENTO DO PARQUE E PERMAN&Ecirc;NCIA DAS ESTRUTURAS NO LOCAL AT&Eacute; O DIA 03 DE AGOSTO DE 2025, COM A DEVIDA DESMONTAGEM E LIBERA&Ccedil;&Atilde;O DA &Aacute;REA AP&Oacute;S ESTA DATA, COM PAGAMENTO DE OUTORGA, CONFORME DESCRI&Ccedil;&Otilde;ES CONSTANTES NO ANEXO I.","valorEstimado":"","valorHomologado":""},{"titulo":"EDITAL DE CHAMAMENTO P\u00daBLICO N\u00ba 01\/2025 - ALDIR BLANC","dataAtualizacao":"2026-08-27 07:30:45","dataPostagem":"2025-06-18 23:59:00","dataRealizacao":"2025-05-30 17:00:00","numeroEdital":1,"numeroProcesso":1,"modalidade":"Chamamento P\u00fablico","situacao":"Conclu\u00eddo","descricao":"EDITAL DE CHAMAMENTO P&Uacute;BLICO PARA SELE&Ccedil;&Atilde;O DE PROJETOS CULTURAIS PARA REPASSES DIRETOS ATRAV&Eacute;S DA POL&Iacute;TICA NACIONAL ALDIR BLANC DE FOMENTO &Agrave; CULTURA.","valorEstimado":"","valorHomologado":""},{"titulo":"EDITAL DE CHAMADA P\u00daBLICA N\u00ba 01\/2026 PARA SELE\u00c7\u00c3O DE PROJETOS DAS ENTIDADES PREVISTAS NA LEI MUNICIPAL N\u00ba. 2.612, DE 19 DE DEZEMBRO DE 2025.","dataAtualizacao":"2026-03-16 10:07:07","dataPostagem":"","dataRealizacao":"2026-01-16 07:00:00","numeroEdital":1,"numeroProcesso":1,"modalidade":"Chamamento P\u00fablico","situacao":"Aberto","descricao":"EDITAL DE CHAMADA P&Uacute;BLICA N&ordm; 01\/2026 PARA SELE&Ccedil;&Atilde;O DE PROJETOS DAS&nbsp;ENTIDADES PREVISTAS NA&nbsp;LEI MUNICIPAL N&ordm;. 2.612, DE 19 DE DEZEMBRO DE 2025.","valorEstimado":"","valorHomologado":""},{"titulo":"EDITAL N\u00ba 004\/2026 - SELE\u00c7\u00c3O DOS INTERESSADOS NO USO DAS BARRACAS OFICIAIS DO 34\u00ba FORR\u00d3 DA PALMA NO MUNIC\u00cdPIO DE V\u00c1RZEA DA PALMA.","dataAtualizacao":"2026-07-16 07:19:14","dataPostagem":"","dataRealizacao":"2026-06-22 17:00:00","numeroEdital":4,"numeroProcesso":4,"modalidade":"Chamamento P\u00fablico","situacao":"Conclu\u00eddo","descricao":"EDITAL N&ordm; 004\/2026 - SELE&Ccedil;&Atilde;O DOS INTERESSADOS NO USO DAS BARRACAS OFICIAIS DO 34&ordm; FORR&Oacute; DA PALMA NO MUNIC&Iacute;PIO DE V&Aacute;RZEA DA PALMA.","valorEstimado":"","valorHomologado":""}]}